{"id":87,"date":"2021-06-14T13:37:10","date_gmt":"2021-06-14T11:37:10","guid":{"rendered":"https:\/\/oddo.fastsite.pl\/?p=87"},"modified":"2021-09-27T14:11:50","modified_gmt":"2021-09-27T12:11:50","slug":"aktywni-na-woli","status":"publish","type":"post","link":"https:\/\/oddo.fastsite.pl\/index.php\/2021\/06\/14\/aktywni-na-woli\/","title":{"rendered":"Aktywni na Woli"},"content":{"rendered":"<h3>Cel:<\/h3>\n<p>Aktywizacja spo\u0142eczno-zawodowa 224 os\u00f3b (w tym min. 23 z niepe\u0142nosprawno\u015bciami) zamieszka\u0142ych na terenie Dzielnicy Wola i korzystaj\u0105cych ze \u015bwiadcze\u0144 pomocy spo\u0142ecznej lub kwalifikuj\u0105cych si\u0119 do obj\u0119cia wsparciem pomocy spo\u0142ecznej, kt\u00f3re s\u0105 zagro\u017cone ub\u00f3stwem lub wykluczeniem spo\u0142ecznym.<\/p>\n<h3>Dlaczego warto:<\/h3>\n<p>Uczestnicy projektu mog\u0105 skorzysta\u0107 ze wsparcia pracownik\u00f3w socjalnych, psychologa, doradcy zawodowego, a tak\u017ce wzi\u0105\u0107 udzia\u0142 w warsztatach aktywizacji zawodowej. Ponadto dla cz\u0119\u015bci uczestnik\u00f3w przewidziane s\u0105 kursy zawodowe oraz p\u0142atne sta\u017ce zawodowe. Efektem realizacji projektu ma by\u0107 znalezienie i utrzymanie pracy przez min. 50 uczestnik\u00f3w\/czek, aktywne poszukiwanie pracy przez min. kolejnych 20 uczestnik\u00f3w\/czek oraz poprawa sytuacji spo\u0142eczno-zawodowej u min. 77 uczestnik\u00f3w\/czek.<\/p>\n<p>Projekt realizowany wsp\u00f3lnie z O\u015brodkiem Pomocy Spo\u0142ecznej Dzielnicy Wola m.st. Warszawy w okresie <strong>od 1 lipca 2020 r. do 30 czerwca 2023 r.<\/strong><\/p>\n<p>Wybrany do dofinansowania w ramach naboru nr RPMA.09.01.00-IP.01-14-079\/19 Regionalnego Programu Operacyjnego Wojew\u00f3dztwa Mazowieckiego na lata 2014\u20132020.<\/p>\n<p>Link do szczeg\u00f3\u0142owych informacji: <a href=\"http:\/\/ops-wola.waw.pl\/opswola\/o-nas\/projekty-unijne\/projekt-aktywni-na-woli\">O\u015brodek Pomocy Spo\u0142ecznej Dzielnicy Wola m. st. Warszawy &#8211; porada, wsparcie, pomoc &#8211; projekt &#8222;Aktywni na Woli&#8221; (ops-wola.waw.pl)<\/a><\/p>\n<p><img decoding=\"async\" src=\"https:\/\/oddo.fastsite.pl\/wp-content\/uploads\/2021\/07\/Aktywni-na-woli.jpg\" alt=\"Projekt dofinansowany przez Fundusze Europejskie, Rzeczpospolit\u0105 Polsk\u0105, Mazowsze serce Polski i Europejski Fundusz Spo\u0142eczny\" \/><br \/>\nGrafika wpisu: <a href=\"https:\/\/pl.freepik.com\/wektory\/ludzie\">Ludzie plik wektorowy utworzone przez pch.vector &#8211; pl.freepik.com<\/a><\/p>\n","protected":false},"excerpt":{"rendered":"<p>Cel: Aktywizacja spo\u0142eczno-zawodowa 224 os\u00f3b (w tym min. 23 z niepe\u0142nosprawno\u015bciami) zamieszka\u0142ych na terenie Dzielnicy Wola i korzystaj\u0105cych ze \u015bwiadcze\u0144 pomocy spo\u0142ecznej lub kwalifikuj\u0105cych si\u0119 do obj\u0119cia wsparciem pomocy spo\u0142ecznej, kt\u00f3re s\u0105 zagro\u017cone ub\u00f3stwem lub wykluczeniem spo\u0142ecznym. Dlaczego warto: Uczestnicy projektu mog\u0105 skorzysta\u0107 ze wsparcia pracownik\u00f3w socjalnych, psychologa, doradcy zawodowego, a tak\u017ce wzi\u0105\u0107 udzia\u0142 w&hellip; <a class=\"more-link\" href=\"https:\/\/oddo.fastsite.pl\/index.php\/2021\/06\/14\/aktywni-na-woli\/\">Czytaj dalej <span class=\"screen-reader-text\">Aktywni na Woli<\/span><\/a><\/p>\n","protected":false},"author":2,"featured_media":0,"comment_status":"open","ping_status":"open","sticky":false,"template":"","format":"standard","meta":{"footnotes":""},"categories":[4],"tags":[],"class_list":["post-87","post","type-post","status-publish","format-standard","hentry","category-projekt","entry"],"_links":{"self":[{"href":"https:\/\/oddo.fastsite.pl\/index.php\/wp-json\/wp\/v2\/posts\/87","targetHints":{"allow":["GET"]}}],"collection":[{"href":"https:\/\/oddo.fastsite.pl\/index.php\/wp-json\/wp\/v2\/posts"}],"about":[{"href":"https:\/\/oddo.fastsite.pl\/index.php\/wp-json\/wp\/v2\/types\/post"}],"author":[{"embeddable":true,"href":"https:\/\/oddo.fastsite.pl\/index.php\/wp-json\/wp\/v2\/users\/2"}],"replies":[{"embeddable":true,"href":"https:\/\/oddo.fastsite.pl\/index.php\/wp-json\/wp\/v2\/comments?post=87"}],"version-history":[{"count":14,"href":"https:\/\/oddo.fastsite.pl\/index.php\/wp-json\/wp\/v2\/posts\/87\/revisions"}],"predecessor-version":[{"id":500,"href":"https:\/\/oddo.fastsite.pl\/index.php\/wp-json\/wp\/v2\/posts\/87\/revisions\/500"}],"wp:attachment":[{"href":"https:\/\/oddo.fastsite.pl\/index.php\/wp-json\/wp\/v2\/media?parent=87"}],"wp:term":[{"taxonomy":"category","embeddable":true,"href":"https:\/\/oddo.fastsite.pl\/index.php\/wp-json\/wp\/v2\/categories?post=87"},{"taxonomy":"post_tag","embeddable":true,"href":"https:\/\/oddo.fastsite.pl\/index.php\/wp-json\/wp\/v2\/tags?post=87"}],"curies":[{"name":"wp","href":"https:\/\/api.w.org\/{rel}","templated":true}]}}