{"id":506,"date":"2021-09-27T14:22:54","date_gmt":"2021-09-27T12:22:54","guid":{"rendered":"https:\/\/oddo.fastsite.pl\/?p=506"},"modified":"2021-09-27T14:22:54","modified_gmt":"2021-09-27T12:22:54","slug":"projekt-aktywni-na-woli","status":"publish","type":"post","link":"https:\/\/oddo.fastsite.pl\/index.php\/2021\/09\/27\/projekt-aktywni-na-woli\/","title":{"rendered":"Projekt Aktywni na Woli"},"content":{"rendered":"<p>Rozpoczynamy III edycj\u0119 warsztat\u00f3w aktywizacji zawodowej w ramach projektu \u201eAktywni na Woli\u201d. Projekt realizowany wsp\u00f3lnie z\u00a0O\u015brodkiem Pomocy Spo\u0142ecznej Dzielnicy Wola m.st. Warszawy w\u00a0okresie <strong>od\u00a01 lipca 2020 r. do\u00a030 czerwca 2023 r.<\/strong><\/p>\n<p>Celem projektu jest aktywizacja spo\u0142eczno-zawodowa 224 os\u00f3b (w\u00a0tym min. 23 z\u00a0niepe\u0142nosprawno\u015bciami) zamieszka\u0142ych na\u00a0terenie Dzielnicy Wola i\u00a0korzystaj\u0105cych ze\u00a0\u015bwiadcze\u0144 pomocy spo\u0142ecznej lub kwalifikuj\u0105cych si\u0119 do\u00a0obj\u0119cia wsparciem pomocy spo\u0142ecznej, kt\u00f3re s\u0105 zagro\u017cone ub\u00f3stwem lub wykluczeniem spo\u0142ecznym.<\/p>\n<p><a href=\"https:\/\/wwwoddo.fastsite.pl\/artykul\/cG9zdDo4Nw==\"><strong>CZYTAJ WI\u0118CEJ<\/strong><\/a><\/p>\n<p><a href=\"https:\/\/oddo.fastsite.pl\/wp-content\/uploads\/2021\/09\/Harmonogram-III-edycja-1.pdf\">POBIERZ HARMONOGRAM WARSZTAT\u00d3W<\/a><\/p>\n<p>&nbsp;<\/p>\n","protected":false},"excerpt":{"rendered":"<p>Rozpoczynamy III edycj\u0119 warsztat\u00f3w aktywizacji zawodowej w ramach projektu \u201eAktywni na Woli\u201d. Projekt realizowany wsp\u00f3lnie z\u00a0O\u015brodkiem Pomocy Spo\u0142ecznej Dzielnicy Wola m.st. Warszawy w\u00a0okresie od\u00a01 lipca 2020 r. do\u00a030 czerwca 2023 r. Celem projektu jest aktywizacja spo\u0142eczno-zawodowa 224 os\u00f3b (w\u00a0tym min. 23 z\u00a0niepe\u0142nosprawno\u015bciami) zamieszka\u0142ych na\u00a0terenie Dzielnicy Wola i\u00a0korzystaj\u0105cych ze\u00a0\u015bwiadcze\u0144 pomocy spo\u0142ecznej lub kwalifikuj\u0105cych si\u0119 do\u00a0obj\u0119cia wsparciem&hellip; <a class=\"more-link\" href=\"https:\/\/oddo.fastsite.pl\/index.php\/2021\/09\/27\/projekt-aktywni-na-woli\/\">Czytaj dalej <span class=\"screen-reader-text\">Projekt Aktywni na Woli<\/span><\/a><\/p>\n","protected":false},"author":1,"featured_media":228,"comment_status":"open","ping_status":"open","sticky":false,"template":"","format":"video","meta":{"footnotes":""},"categories":[5],"tags":[],"class_list":["post-506","post","type-post","status-publish","format-video","has-post-thumbnail","hentry","category-news","post_format-post-format-video","entry"],"_links":{"self":[{"href":"https:\/\/oddo.fastsite.pl\/index.php\/wp-json\/wp\/v2\/posts\/506","targetHints":{"allow":["GET"]}}],"collection":[{"href":"https:\/\/oddo.fastsite.pl\/index.php\/wp-json\/wp\/v2\/posts"}],"about":[{"href":"https:\/\/oddo.fastsite.pl\/index.php\/wp-json\/wp\/v2\/types\/post"}],"author":[{"embeddable":true,"href":"https:\/\/oddo.fastsite.pl\/index.php\/wp-json\/wp\/v2\/users\/1"}],"replies":[{"embeddable":true,"href":"https:\/\/oddo.fastsite.pl\/index.php\/wp-json\/wp\/v2\/comments?post=506"}],"version-history":[{"count":1,"href":"https:\/\/oddo.fastsite.pl\/index.php\/wp-json\/wp\/v2\/posts\/506\/revisions"}],"predecessor-version":[{"id":509,"href":"https:\/\/oddo.fastsite.pl\/index.php\/wp-json\/wp\/v2\/posts\/506\/revisions\/509"}],"wp:featuredmedia":[{"embeddable":true,"href":"https:\/\/oddo.fastsite.pl\/index.php\/wp-json\/wp\/v2\/media\/228"}],"wp:attachment":[{"href":"https:\/\/oddo.fastsite.pl\/index.php\/wp-json\/wp\/v2\/media?parent=506"}],"wp:term":[{"taxonomy":"category","embeddable":true,"href":"https:\/\/oddo.fastsite.pl\/index.php\/wp-json\/wp\/v2\/categories?post=506"},{"taxonomy":"post_tag","embeddable":true,"href":"https:\/\/oddo.fastsite.pl\/index.php\/wp-json\/wp\/v2\/tags?post=506"}],"curies":[{"name":"wp","href":"https:\/\/api.w.org\/{rel}","templated":true}]}}