{"id":490,"date":"2021-09-27T14:01:49","date_gmt":"2021-09-27T12:01:49","guid":{"rendered":"https:\/\/oddo.fastsite.pl\/?p=490"},"modified":"2021-09-27T14:01:49","modified_gmt":"2021-09-27T12:01:49","slug":"grupa-ojcow-cykl-4-jesien-2021r","status":"publish","type":"post","link":"https:\/\/oddo.fastsite.pl\/index.php\/2021\/09\/27\/grupa-ojcow-cykl-4-jesien-2021r\/","title":{"rendered":"Grupa Ojc\u00f3w \u2013 cykl 4, jesie\u0144 2021r."},"content":{"rendered":"<p>Prowadzimy nab\u00f3r do bezp\u0142atnej Grupy Ojc\u00f3w \u2013 grupy wsparcia i rozwoju. Jest to cykl 12 spotka\u0144, odbywaj\u0105cych si\u0119 w okresie od wrze\u015bnia do grudnia 2021r. w kolejne wtorki w godz. 18.00-21.00.<\/p>\n<p>Ofert\u0119 kierujemy do wszystkich ojc\u00f3w, kt\u00f3rzy rol\u0119 ojca \u0142\u0105cz\u0105 na co dzie\u0144 z innymi rolami, obowi\u0105zkami. Do\u015bwiadczaj\u0105c wielu rado\u015bci, musz\u0105 te\u017c sobie radzi\u0107 z niepowodzeniami i trudno\u015bciami, czasem z frustracj\u0105, czasem z osamotnieniem.<\/p>\n<p><strong>Zainteresowane osoby zapraszamy na<\/strong> spotkanie konsultacyjne. <strong>Zapisy: Grzegorz Brachfogel tel. 601 500 775 <\/strong><\/p>\n<p>Grupa Ojc\u00f3w jest realizowana w ramach projektu \u201eWsparcie grupowe na Woli\u201d. Program zosta\u0142 opracowany i udost\u0119pniony przez zesp\u00f3\u0142 terapeutyczny Fundacji Sto Pociech. Zaj\u0119cia prowadz\u0105 trenerzy Stowarzyszenia Od-Do \u2013 tak\u017ce ojcowie.<\/p>\n","protected":false},"excerpt":{"rendered":"<p>Prowadzimy nab\u00f3r do bezp\u0142atnej Grupy Ojc\u00f3w \u2013 grupy wsparcia i rozwoju. Jest to cykl 12 spotka\u0144, odbywaj\u0105cych si\u0119 w okresie od wrze\u015bnia do grudnia 2021r. w kolejne wtorki w godz. 18.00-21.00. Ofert\u0119 kierujemy do wszystkich ojc\u00f3w, kt\u00f3rzy rol\u0119 ojca \u0142\u0105cz\u0105 na co dzie\u0144 z innymi rolami, obowi\u0105zkami. Do\u015bwiadczaj\u0105c wielu rado\u015bci, musz\u0105 te\u017c sobie radzi\u0107 z&hellip; <a class=\"more-link\" href=\"https:\/\/oddo.fastsite.pl\/index.php\/2021\/09\/27\/grupa-ojcow-cykl-4-jesien-2021r\/\">Czytaj dalej <span class=\"screen-reader-text\">Grupa Ojc\u00f3w \u2013 cykl 4, jesie\u0144 2021r.<\/span><\/a><\/p>\n","protected":false},"author":1,"featured_media":491,"comment_status":"open","ping_status":"open","sticky":false,"template":"","format":"standard","meta":{"footnotes":""},"categories":[5],"tags":[],"class_list":["post-490","post","type-post","status-publish","format-standard","has-post-thumbnail","hentry","category-news","entry"],"_links":{"self":[{"href":"https:\/\/oddo.fastsite.pl\/index.php\/wp-json\/wp\/v2\/posts\/490","targetHints":{"allow":["GET"]}}],"collection":[{"href":"https:\/\/oddo.fastsite.pl\/index.php\/wp-json\/wp\/v2\/posts"}],"about":[{"href":"https:\/\/oddo.fastsite.pl\/index.php\/wp-json\/wp\/v2\/types\/post"}],"author":[{"embeddable":true,"href":"https:\/\/oddo.fastsite.pl\/index.php\/wp-json\/wp\/v2\/users\/1"}],"replies":[{"embeddable":true,"href":"https:\/\/oddo.fastsite.pl\/index.php\/wp-json\/wp\/v2\/comments?post=490"}],"version-history":[{"count":1,"href":"https:\/\/oddo.fastsite.pl\/index.php\/wp-json\/wp\/v2\/posts\/490\/revisions"}],"predecessor-version":[{"id":492,"href":"https:\/\/oddo.fastsite.pl\/index.php\/wp-json\/wp\/v2\/posts\/490\/revisions\/492"}],"wp:featuredmedia":[{"embeddable":true,"href":"https:\/\/oddo.fastsite.pl\/index.php\/wp-json\/wp\/v2\/media\/491"}],"wp:attachment":[{"href":"https:\/\/oddo.fastsite.pl\/index.php\/wp-json\/wp\/v2\/media?parent=490"}],"wp:term":[{"taxonomy":"category","embeddable":true,"href":"https:\/\/oddo.fastsite.pl\/index.php\/wp-json\/wp\/v2\/categories?post=490"},{"taxonomy":"post_tag","embeddable":true,"href":"https:\/\/oddo.fastsite.pl\/index.php\/wp-json\/wp\/v2\/tags?post=490"}],"curies":[{"name":"wp","href":"https:\/\/api.w.org\/{rel}","templated":true}]}}