{"id":315,"date":"2021-07-05T17:26:33","date_gmt":"2021-07-05T15:26:33","guid":{"rendered":"https:\/\/oddo.fastsite.pl\/?p=315"},"modified":"2021-09-27T14:33:15","modified_gmt":"2021-09-27T12:33:15","slug":"cezary-biernacki","status":"publish","type":"post","link":"https:\/\/oddo.fastsite.pl\/index.php\/2021\/07\/05\/cezary-biernacki\/","title":{"rendered":"Cezary Biernacki"},"content":{"rendered":"<h1>Cezary Biernacki<\/h1>\n<h2>Prezes Stowarzyszenia. Psychoterapeuta indywidualny i grupowy, trener warsztatu i treningu umiej\u0119tno\u015bci psychospo\u0142ecznych.<\/h2>\n<h3>Wykszta\u0142cenie i do\u015bwiadczenie zawodowe<\/h3>\n<ul>\n<li>Certyfikowany specjalista psychoterapii DDA rekomendowany przez Stowarzyszenie Od-Do<\/li>\n<li>Wsp\u00f3\u0142za\u0142o\u017cyciel Stowarzyszenia Od-Do, Prezes<\/li>\n<li>Wsp\u00f3\u0142tw\u00f3rca i wsp\u00f3\u0142za\u0142o\u017cyciel Szko\u0142y Psychoterapii DDA, cz\u0142onek Rady Programowej Szko\u0142y Psychoterapii DDA<\/li>\n<li>Absolwent jednolitych studi\u00f3w magisterskich Instytutu Profilaktyki i Resocjalizacji na Wydziale Stosowanych Nauk Spo\u0142ecznych i Resocjalizacji Uniwersytetu Warszawskiego<\/li>\n<li>Absolwent Szko\u0142y Trener\u00f3w Warsztatu Psychologicznego \u201eWarsztat\u201d przy O\u015brodku Konsultacyjnym \u201eOk\u201d Moniki Sowickiej rekomendowanej przez Polskie Towarszystwo Psychologiczne<\/li>\n<li>Wieloletni Lider Klubu Pracy M\u0142odych<\/li>\n<li>Wsp\u00f3\u0142za\u0142o\u017cyciel Ruchu Samopomocowego dla DDA w Polsce<\/li>\n<li>Wiceprzewodnicz\u0105cy Bran\u017cowej Komisji Dialogu Spo\u0142ecznego ds. Przeciwdzia\u0142ania Alkoholizmowi przy Urz\u0119dzie m. st. Warszawa<br \/>\n<h3>Dzia\u0142alno\u015b\u0107 naukowa<\/h3>\n<\/li>\n<li>Wsp\u00f3\u0142autor wielu ofert terapeutycznych i rozwojowych dla m\u0142odych doros\u0142ych z rodzin dysfunkcyjnych oraz program\u00f3w edukacyjnych i szkoleniowych dla zainteresowanych grup odbiorc\u00f3w (terapeut\u00f3w, nauczycieli, rodzic\u00f3w realizowanych w ramach projekt\u00f3w Stowarzyszenia)<\/li>\n<li>Cz\u0119sty go\u015b\u0107 program\u00f3w telewizyjnych i radiowych poruszaj\u0105cych tematyk\u0119 Doros\u0142ych Dzieci Alkoholik\u00f3w, w kt\u00f3rych wyst\u0119puje w roli eksperta ds. syndromu DDA<br \/>\n<h3>\u017bycie prywatne<\/h3>\n<p>Jego \u017cyciow\u0105 pasj\u0105 s\u0105 sporty, m.in wspinaczka, narty, trekking i nurkowanie. Kiedy nie pracuje i si\u0119 nie rusza, s\u0142ucha jazzu i czyta ksi\u0105\u017cki.<\/li>\n<\/ul>\n","protected":false},"excerpt":{"rendered":"<p>Cezary Biernacki Prezes Stowarzyszenia. Psychoterapeuta indywidualny i grupowy, trener warsztatu i treningu umiej\u0119tno\u015bci psychospo\u0142ecznych. Wykszta\u0142cenie i do\u015bwiadczenie zawodowe Certyfikowany specjalista psychoterapii DDA rekomendowany przez Stowarzyszenie Od-Do Wsp\u00f3\u0142za\u0142o\u017cyciel Stowarzyszenia Od-Do, Prezes Wsp\u00f3\u0142tw\u00f3rca i wsp\u00f3\u0142za\u0142o\u017cyciel Szko\u0142y Psychoterapii DDA, cz\u0142onek Rady Programowej Szko\u0142y Psychoterapii DDA Absolwent jednolitych studi\u00f3w magisterskich Instytutu Profilaktyki i Resocjalizacji na Wydziale Stosowanych Nauk Spo\u0142ecznych&hellip; <a class=\"more-link\" href=\"https:\/\/oddo.fastsite.pl\/index.php\/2021\/07\/05\/cezary-biernacki\/\">Czytaj dalej <span class=\"screen-reader-text\">Cezary Biernacki<\/span><\/a><\/p>\n","protected":false},"author":1,"featured_media":316,"comment_status":"open","ping_status":"open","sticky":false,"template":"","format":"standard","meta":{"footnotes":""},"categories":[6],"tags":[],"class_list":["post-315","post","type-post","status-publish","format-standard","has-post-thumbnail","hentry","category-pracownik","entry"],"_links":{"self":[{"href":"https:\/\/oddo.fastsite.pl\/index.php\/wp-json\/wp\/v2\/posts\/315","targetHints":{"allow":["GET"]}}],"collection":[{"href":"https:\/\/oddo.fastsite.pl\/index.php\/wp-json\/wp\/v2\/posts"}],"about":[{"href":"https:\/\/oddo.fastsite.pl\/index.php\/wp-json\/wp\/v2\/types\/post"}],"author":[{"embeddable":true,"href":"https:\/\/oddo.fastsite.pl\/index.php\/wp-json\/wp\/v2\/users\/1"}],"replies":[{"embeddable":true,"href":"https:\/\/oddo.fastsite.pl\/index.php\/wp-json\/wp\/v2\/comments?post=315"}],"version-history":[{"count":4,"href":"https:\/\/oddo.fastsite.pl\/index.php\/wp-json\/wp\/v2\/posts\/315\/revisions"}],"predecessor-version":[{"id":524,"href":"https:\/\/oddo.fastsite.pl\/index.php\/wp-json\/wp\/v2\/posts\/315\/revisions\/524"}],"wp:featuredmedia":[{"embeddable":true,"href":"https:\/\/oddo.fastsite.pl\/index.php\/wp-json\/wp\/v2\/media\/316"}],"wp:attachment":[{"href":"https:\/\/oddo.fastsite.pl\/index.php\/wp-json\/wp\/v2\/media?parent=315"}],"wp:term":[{"taxonomy":"category","embeddable":true,"href":"https:\/\/oddo.fastsite.pl\/index.php\/wp-json\/wp\/v2\/categories?post=315"},{"taxonomy":"post_tag","embeddable":true,"href":"https:\/\/oddo.fastsite.pl\/index.php\/wp-json\/wp\/v2\/tags?post=315"}],"curies":[{"name":"wp","href":"https:\/\/api.w.org\/{rel}","templated":true}]}}