{"id":310,"date":"2021-07-05T17:21:31","date_gmt":"2021-07-05T15:21:31","guid":{"rendered":"https:\/\/oddo.fastsite.pl\/?p=310"},"modified":"2021-09-27T14:32:39","modified_gmt":"2021-09-27T12:32:39","slug":"anna-maria-sewerynska","status":"publish","type":"post","link":"https:\/\/oddo.fastsite.pl\/index.php\/2021\/07\/05\/anna-maria-sewerynska\/","title":{"rendered":"Anna Maria Sewery\u0144ska"},"content":{"rendered":"<h1>Anna Maria Sewery\u0144ska<\/h1>\n<h2>Kierownik merytoryczny Stowarzyszenia. Psychoterapeutka indywidualna i grupowa, superwizorka i trenerka warsztatu i treningu umiej\u0119tno\u015bci psychospo\u0142ecznych<\/h2>\n<h3>Wykszta\u0142cenie i do\u015bwiadczenie zawodowe<\/h3>\n<ul>\n<li>Certyfikowana specjalistka Psychoterapii DDA rekomendowana przez Stowarzyszenie Od-Do<\/li>\n<li>Wsp\u00f3\u0142za\u0142o\u017cycielka Stowarzyszenia OD-DO, Kierowniczka Merytoryczna<\/li>\n<li>Wsp\u00f3\u0142tw\u00f3rczyni i wsp\u00f3\u0142za\u0142o\u017cycielka Szko\u0142y Psychoterapii DDA, przewodnicz\u0105ca Rady Programowej Szko\u0142y<\/li>\n<li>Posiada kwalifikacje superwizora i trenera II stopnia, rekomendowanego przez Polskie Towarzystwo Psychologiczne<\/li>\n<li>Uko\u0144czy\u0142a jednolite studia magisterskie na kierunku Profilaktyka Spo\u0142eczna i Resocjalizacja na Uniwersytecie Warszawskim oraz Podyplomowe Studium Wychowania Seksualnego I i II stopnia pod kierownictwem prof. dr. hab. med. Zbigniewa Lwa-Starowicza na Wydziale Rehabilitacji Akademii Wychowania Fizycznego w Warszawie<\/li>\n<li>By\u0142a pracowniczka naukowa w Pracowni Psychologii Klinicznej Instytutu Psychiatrii i Neurologii w Warszawie<\/li>\n<li>Absolwentka kursu \u201eTerapia rodzin\u201d prowadzonego przez Zak\u0142ad Psychologii Klinicznej Instytutu Psychiatrii i Neurologii pod kierownictwem dr Anny Pohoreckiej w nurcie systemowym, w tym sta\u017c w klinice Psychiatrii Dzieci i m\u0142odzie\u017cy w IPiN pod kierownictwem prof. dr hab. med. Ireny Namys\u0142owskiej<\/li>\n<li>Uko\u0144czy\u0142a 2-letnie Medyczne Studium Zawodowe na Wydziale Terapii Zaj\u0119ciowej przy szpitalu Psychiatrycznym w Branicach, w ramach kt\u00f3rego odby\u0142a praktyki na oddziale psychiatrycznym dla doros\u0142ych i na oddziale neurologii dla doros\u0142ych<\/li>\n<li>Wyk\u0142ada\u0142a i prowadzi\u0142a zaj\u0119cia na Uczelni Korczaka w Warszawie i na Uniwersytecie Kardyna\u0142a Wyszy\u0144skiego<\/li>\n<li>W latach 1993-1999 by\u0142a kierowniczk\u0105 O\u015brodka Profilaktyczno-Terapeutycznego \u201ePETRA\u201d<\/li>\n<li>Uczestniczka krajowych i mi\u0119dzynarodowych konferencji, seminari\u00f3w, warsztat\u00f3w i webinari\u00f3w dotycz\u0105cych przede wszystkim psychoterapii traumy<\/li>\n<li>W latach 2001-2015 prowadzi\u0142a treningi i warsztaty oraz superwizj\u0119 w Szkole Trener\u00f3w \u201eWarsztat\u201d przy O\u015brodku Konsultacyjnym \u201eOk\u201d Moniki Sowickiej<br \/>\n<h3>Dzia\u0142alno\u015b\u0107 naukowa<\/h3>\n<\/li>\n<li>Autorka programu Systemowej Pomocy Psychologicznej dla MDDA \u201eZ dalekiej podr\u00f3\u017cy do w\u0142asnych k\u0105t\u00f3w\u201d<\/li>\n<li>Wsp\u00f3\u0142autorka ofert pomocowo-rozwojowych dla m\u0142odych doros\u0142ych z rodzin dysfunkcyjnych oraz program\u00f3w edukacyjnych i szkoleniowych dla zainteresowanych grup odbiorc\u00f3w (przyk\u0142ad &#8222;W stron\u0119 profesjonalizacji pracy z MDDA&#8221; dla profesjonalist\u00f3w)<\/li>\n<li>Autorka publikacji \u201eUcze\u0144 z rodziny dysfunkcyjnej\u201d oraz wsp\u00f3\u0142autorka \u201eSztuki prezentacji\u201d wydanych przez WSiP oraz \u2013 r\u00f3wnie\u017c jako wsp\u00f3\u0142autorka \u2013 publikacji promuj\u0105cych oferty Stowarzyszenia<\/li>\n<li>Autorka artyku\u0142\u00f3w w prasie specjalistycznej i popularyzuj\u0105cej wiedz\u0119 psychologiczn\u0105, m.in. \u201e\u015awiat Problem\u00f3w\u201d, \u201eCharaktery\u201d<br \/>\n<h3>\u017bycie prywatne<\/h3>\n<p>Interesuje j\u0105 rola cz\u0142owieka w r\u00f3\u017cnych kontekstach, zmys\u0142owy i emocjonalny odbi\u00f3r rzeczywisto\u015bci. Lubi w\u0119dr\u00f3wki bli\u017csze i dalsze oraz kontakt z natur\u0105.<\/li>\n<\/ul>\n","protected":false},"excerpt":{"rendered":"<p>Anna Maria Sewery\u0144ska Kierownik merytoryczny Stowarzyszenia. Psychoterapeutka indywidualna i grupowa, superwizorka i trenerka warsztatu i treningu umiej\u0119tno\u015bci psychospo\u0142ecznych Wykszta\u0142cenie i do\u015bwiadczenie zawodowe Certyfikowana specjalistka Psychoterapii DDA rekomendowana przez Stowarzyszenie Od-Do Wsp\u00f3\u0142za\u0142o\u017cycielka Stowarzyszenia OD-DO, Kierowniczka Merytoryczna Wsp\u00f3\u0142tw\u00f3rczyni i wsp\u00f3\u0142za\u0142o\u017cycielka Szko\u0142y Psychoterapii DDA, przewodnicz\u0105ca Rady Programowej Szko\u0142y Posiada kwalifikacje superwizora i trenera II stopnia, rekomendowanego przez Polskie&hellip; <a class=\"more-link\" href=\"https:\/\/oddo.fastsite.pl\/index.php\/2021\/07\/05\/anna-maria-sewerynska\/\">Czytaj dalej <span class=\"screen-reader-text\">Anna Maria Sewery\u0144ska<\/span><\/a><\/p>\n","protected":false},"author":1,"featured_media":311,"comment_status":"open","ping_status":"open","sticky":false,"template":"","format":"standard","meta":{"footnotes":""},"categories":[6],"tags":[],"class_list":["post-310","post","type-post","status-publish","format-standard","has-post-thumbnail","hentry","category-pracownik","entry"],"_links":{"self":[{"href":"https:\/\/oddo.fastsite.pl\/index.php\/wp-json\/wp\/v2\/posts\/310","targetHints":{"allow":["GET"]}}],"collection":[{"href":"https:\/\/oddo.fastsite.pl\/index.php\/wp-json\/wp\/v2\/posts"}],"about":[{"href":"https:\/\/oddo.fastsite.pl\/index.php\/wp-json\/wp\/v2\/types\/post"}],"author":[{"embeddable":true,"href":"https:\/\/oddo.fastsite.pl\/index.php\/wp-json\/wp\/v2\/users\/1"}],"replies":[{"embeddable":true,"href":"https:\/\/oddo.fastsite.pl\/index.php\/wp-json\/wp\/v2\/comments?post=310"}],"version-history":[{"count":5,"href":"https:\/\/oddo.fastsite.pl\/index.php\/wp-json\/wp\/v2\/posts\/310\/revisions"}],"predecessor-version":[{"id":522,"href":"https:\/\/oddo.fastsite.pl\/index.php\/wp-json\/wp\/v2\/posts\/310\/revisions\/522"}],"wp:featuredmedia":[{"embeddable":true,"href":"https:\/\/oddo.fastsite.pl\/index.php\/wp-json\/wp\/v2\/media\/311"}],"wp:attachment":[{"href":"https:\/\/oddo.fastsite.pl\/index.php\/wp-json\/wp\/v2\/media?parent=310"}],"wp:term":[{"taxonomy":"category","embeddable":true,"href":"https:\/\/oddo.fastsite.pl\/index.php\/wp-json\/wp\/v2\/categories?post=310"},{"taxonomy":"post_tag","embeddable":true,"href":"https:\/\/oddo.fastsite.pl\/index.php\/wp-json\/wp\/v2\/tags?post=310"}],"curies":[{"name":"wp","href":"https:\/\/api.w.org\/{rel}","templated":true}]}}