{"id":306,"date":"2021-07-05T17:07:44","date_gmt":"2021-07-05T15:07:44","guid":{"rendered":"https:\/\/oddo.fastsite.pl\/?p=306"},"modified":"2021-09-27T14:26:46","modified_gmt":"2021-09-27T12:26:46","slug":"joanna-dembna","status":"publish","type":"post","link":"https:\/\/oddo.fastsite.pl\/index.php\/2021\/07\/05\/joanna-dembna\/","title":{"rendered":"Joanna Dembna"},"content":{"rendered":"<h1>Joanna Dembna<\/h1>\n<h2>Psychoterapeutka indywidualna, trenerka warsztatu i treningu umiej\u0119tno\u015bci psychospo\u0142ecznych.<\/h2>\n<h3>Wykszta\u0142cenie i do\u015bwiadczenie zawodowe<\/h3>\n<ul>\n<li>Certyfikowana specjalistka psychoterapii DDA rekomendowana przez Stowarzyszenie Od-Do<\/li>\n<li>Wsp\u00f3\u0142za\u0142o\u017cycielka Stowarzyszenia Od-Do<\/li>\n<li>Cz\u0142onkini Rady Programowej Szko\u0142y Psychoterapii DDA<\/li>\n<li>Uko\u0144czy\u0142a jednolite studia II stopnia na kierunku Profilaktyka Spo\u0142eczna i Resocjalizacja na Uniwersytecie Warszawskim<\/li>\n<li>Absolwentka Szko\u0142y Trener\u00f3w Fundacji Bene Vobis rekomendowanej przez Polskie Towarzystwo Psychologiczne<\/li>\n<li>Absolwentka szkole\u0144 dla profilaktyk\u00f3w uzale\u017cnie\u0144 i przemocy (szkolenia dotycz\u0105ce konstruowania i prowadzenia skutecznych program\u00f3w profilaktycznych oraz pracy w grupie) prowadzonych przez Ann\u0119 Sewery\u0144sk\u0105 (rekomendowan\u0105 przez Polskie Towarzystwo Psychologiczne trenerk\u0119 warsztat\u00f3w psychologicznych) oraz Cezarego Biernackiego (r\u00f3wnie\u017c trenera warsztat\u00f3w psychologicznych<\/li>\n<li>Uko\u0144czy\u0142a szkolenie z Metody Interwencyjnej w Rodzinie z Problemem Alkoholowym wobec osoby pij\u0105cej oraz szkolenie dotycz\u0105ce kontroli punkt\u00f3w sprzeda\u017cy napoj\u00f3w alkoholowych przeznaczone dla cz\u0142onk\u00f3w Gminnych Komisji Rozwi\u0105zywania Problem\u00f3w Alkoholowych<\/li>\n<li>Absolwentka czterech szkole\u0144 dotycz\u0105cych zarz\u0105dzania organizacjami pozarz\u0105dowymi (pozyskiwanie i rozliczanie funduszy, prowadzenie dzia\u0142alno\u015bci gospodarczej) prowadzonych Stowarzyszenie BORIS (w ramach prowadzonego przez nich Regionalnego O\u015brodka Szkoleniowego Europejskiego Funduszu Spo\u0142ecznego na Mazowszu i Sto\u0142ecznego Centrum Wspierania Organizacji Pozarz\u0105dowych) oraz Mazowieck\u0105 Wojew\u00f3dzk\u0105 Komend\u0119 OHP<\/li>\n<li>Pracowa\u0142a jako psychoterapeutka uzale\u017cnie\u0144 w M\u0142odzie\u017cowym O\u015brodku Rehabilitacyjnym prowadzonym przez Warszawskie Towarzystwo Dobroczynno\u015bci<\/li>\n<li>Do\u015bwiadczenie zawodowe zdobywa\u0142a te\u017c w Punkcie Konsultacyjnym dla Rodzin z Problemem Alkoholowym i z Problemem Przemocy w Tarczynie, w kt\u00f3rym wykonywa\u0142a prac\u0119 konsultacyjn\u0105, wsparciow\u0105 i psychoterapeutyczn\u0105 z cz\u0142onkami rodzin dysfunkcyjnych (w tym os\u00f3b uzale\u017cnionych)<\/li>\n<li>Od lat superwizuje innych psychoterapeut\u00f3w oraz przekazuje swoj\u0105 wiedz\u0119 i do\u015bwiadczenie osobom zajmuj\u0105cym si\u0119 pomaganiem dzia\u0142aj\u0105cym w Stowarzyszeniu<br \/>\n<h3>Dzia\u0142alno\u015b\u0107 naukowa<\/h3>\n<\/li>\n<li>Wsp\u00f3\u0142tworzy\u0142a szereg program\u00f3w profilaktycznych, terapeutycznych, edukacyjnych i szkoleniowych realizowanych w ramach dzia\u0142alno\u015bci Stowarzyszenia, np. \u201eW stron\u0119 profesjonalizacji pracy z MDDA\u201d, \u201eRazem \u0142atwiej i skuteczniej\u201d \u201eDo szko\u0142y po dobre do\u015bwiadczenia\u201d, a tak\u017ce cykl warsztat\u00f3w i trening\u00f3w kompetencji spo\u0142ecznych dla os\u00f3b poszukuj\u0105cych miejsca na rynku pracy<\/li>\n<li>Autorka i wsp\u00f3\u0142autorka licznych publikacji, m.in. \u201eDDA &#8211; D\u0105\u017cy\u0107 do Aktywno\u015bci\u201d Remedium (2008), nr 1 ( wraz z Ewelin\u0105 Zaleci\u0142\u0142o), \u201eDDA balast czy nap\u0119d\u201d \u015awiat Problem\u00f3w (2018), nr 7 (wraz z Ann\u0105 Sewery\u0144sk\u0105 oraz Ann\u0105 \u015arod\u0105), \u201eUcieczka w samotno\u015b\u0107\u201d Charaktery (2013), nr 10 (wraz z Ann\u0105 Sewery\u0144sk\u0105 i Beat\u0105 Wolfram-Krukowsk\u0105)<br \/>\n<h3>\u017bycie prywatne<\/h3>\n<p>Ceni sobie \u017cycie rodzinne (m\u0105\u017c i dwoje doros\u0142ych dzieci z partnerami oraz ukochane zwierzaki), towarzystwo przyjaci\u00f3\u0142 oraz czas z sam\u0105 sob\u0105. Z rosn\u0105c\u0105 otwarto\u015bci\u0105 podchodzi do zmian w \u017cyciu i nowych do\u015bwiadcze\u0144. Aktualnie poszukuje nowej pasji albo i kolejnego zawodu, kt\u00f3ry mog\u0142aby wykonywa\u0107 r\u00f3wnolegle z psychoterapi\u0105.<\/li>\n<\/ul>\n","protected":false},"excerpt":{"rendered":"<p>Joanna Dembna Psychoterapeutka indywidualna, trenerka warsztatu i treningu umiej\u0119tno\u015bci psychospo\u0142ecznych. Wykszta\u0142cenie i do\u015bwiadczenie zawodowe Certyfikowana specjalistka psychoterapii DDA rekomendowana przez Stowarzyszenie Od-Do Wsp\u00f3\u0142za\u0142o\u017cycielka Stowarzyszenia Od-Do Cz\u0142onkini Rady Programowej Szko\u0142y Psychoterapii DDA Uko\u0144czy\u0142a jednolite studia II stopnia na kierunku Profilaktyka Spo\u0142eczna i Resocjalizacja na Uniwersytecie Warszawskim Absolwentka Szko\u0142y Trener\u00f3w Fundacji Bene Vobis rekomendowanej przez Polskie Towarzystwo&hellip; <a class=\"more-link\" href=\"https:\/\/oddo.fastsite.pl\/index.php\/2021\/07\/05\/joanna-dembna\/\">Czytaj dalej <span class=\"screen-reader-text\">Joanna Dembna<\/span><\/a><\/p>\n","protected":false},"author":1,"featured_media":284,"comment_status":"open","ping_status":"open","sticky":false,"template":"","format":"standard","meta":{"footnotes":""},"categories":[6],"tags":[],"class_list":["post-306","post","type-post","status-publish","format-standard","has-post-thumbnail","hentry","category-pracownik","entry"],"_links":{"self":[{"href":"https:\/\/oddo.fastsite.pl\/index.php\/wp-json\/wp\/v2\/posts\/306","targetHints":{"allow":["GET"]}}],"collection":[{"href":"https:\/\/oddo.fastsite.pl\/index.php\/wp-json\/wp\/v2\/posts"}],"about":[{"href":"https:\/\/oddo.fastsite.pl\/index.php\/wp-json\/wp\/v2\/types\/post"}],"author":[{"embeddable":true,"href":"https:\/\/oddo.fastsite.pl\/index.php\/wp-json\/wp\/v2\/users\/1"}],"replies":[{"embeddable":true,"href":"https:\/\/oddo.fastsite.pl\/index.php\/wp-json\/wp\/v2\/comments?post=306"}],"version-history":[{"count":4,"href":"https:\/\/oddo.fastsite.pl\/index.php\/wp-json\/wp\/v2\/posts\/306\/revisions"}],"predecessor-version":[{"id":512,"href":"https:\/\/oddo.fastsite.pl\/index.php\/wp-json\/wp\/v2\/posts\/306\/revisions\/512"}],"wp:featuredmedia":[{"embeddable":true,"href":"https:\/\/oddo.fastsite.pl\/index.php\/wp-json\/wp\/v2\/media\/284"}],"wp:attachment":[{"href":"https:\/\/oddo.fastsite.pl\/index.php\/wp-json\/wp\/v2\/media?parent=306"}],"wp:term":[{"taxonomy":"category","embeddable":true,"href":"https:\/\/oddo.fastsite.pl\/index.php\/wp-json\/wp\/v2\/categories?post=306"},{"taxonomy":"post_tag","embeddable":true,"href":"https:\/\/oddo.fastsite.pl\/index.php\/wp-json\/wp\/v2\/tags?post=306"}],"curies":[{"name":"wp","href":"https:\/\/api.w.org\/{rel}","templated":true}]}}