{"id":296,"date":"2021-07-05T16:51:58","date_gmt":"2021-07-05T14:51:58","guid":{"rendered":"https:\/\/oddo.fastsite.pl\/?p=296"},"modified":"2021-09-27T14:27:58","modified_gmt":"2021-09-27T12:27:58","slug":"anna-sroda","status":"publish","type":"post","link":"https:\/\/oddo.fastsite.pl\/index.php\/2021\/07\/05\/anna-sroda\/","title":{"rendered":"Anna \u015aroda"},"content":{"rendered":"<h1>Anna \u015aroda<\/h1>\n<h2>Psychoterapeutka indywidualna i grupowa, trenerka warsztatu i treningu umiej\u0119tno\u015bci psychospo\u0142ecznych<\/h2>\n<h3>Wykszta\u0142cenie i do\u015bwiadczenie zawodowe<\/h3>\n<ul>\n<li>Certyfikowana specjalistka psychoterapii os\u00f3b z syndromem DDA\/DDD rekomendowana przez Stowarzyszenie Od-Do<\/li>\n<li>Absolwentka Instytutu Psychologii na Wydziale Filozofii Chrze\u015bcija\u0144skiej Uniwersytetu Kardyna\u0142a Wyszy\u0144skiego oraz Studium Podyplomowego Relacji Interpersonalnych i Profilaktyki Uzale\u017cnie\u0144 przy Uniwersytecie Kardyna\u0142a Wyszy\u0144skiego<\/li>\n<li>Wsp\u00f3\u0142za\u0142o\u017cycielka i wyk\u0142adowczyni w Szko\u0142y Psychoterapii DDA oraz cz\u0142onkini Rady Programowej Szko\u0142y Psychoterapii DDA<\/li>\n<li>Uko\u0144czy\u0142a szkolenie \u201eW stron\u0119 profesjonalizacji pracy z MDDA\u201d organizowane przez Stowarzyszenie<\/li>\n<li>Uko\u0144czy\u0142a Szko\u0142\u0119 Treningu i Warsztatu Psychologicznego rekomendowan\u0105 przez Polskie Towarzystwo Psychologiczne w O\u015brodku Pomocy i Edukacji Psychologicznej Intra<\/li>\n<li>Odby\u0142a kurs na Mediatora Rodzinnego w Stowarzyszeniu Mediator\u00f3w Rodzinnych<\/li>\n<li>Odby\u0142a kurs Wprowadzaj\u0105cy do Somatic Experiencing w Instytucie Terapii Psychosomatycznej<\/li>\n<li>Uczestniczka seminarium Przywi\u0105zanie a trauma &#8211; psychoterapia reaktywnych zaburze\u0144 wi\u0119zi<\/li>\n<li>Terapeutka integracji sensorycznej w Polskim Stowarzyszeniu Terapeut\u00f3w Integracji Sensorycznej, ruchu rozwijaj\u0105cego Weroniki Sherbourne i integrowania odruch\u00f3w integrowania odruch\u00f3w w Instytucie Psychologii Neurofizjologicznej INPP Polska<\/li>\n<li>Pracowa\u0142a jako psycholog dzieci\u0119cy, prowadzi\u0142a terapi\u0119 dla dzieci i ich rodzin od 2010 roku<\/li>\n<li>Od 2012 roku wsp\u00f3\u0142pracuje ze Stowarzyszeniem, gdzie prowadzi psychoterapi\u0119 indywidualn\u0105 i wsp\u00f3\u0142prowadzi terapi\u0119 grupow\u0105, treningi i warsztaty psychologiczne<br \/>\n<h3>Dzia\u0142alno\u015b\u0107 naukowa<\/h3>\n<\/li>\n<li>Wsp\u00f3\u0142autorka artyku\u0142u \u201eUwarunkowania osi\u0105gania sukcesu przez osoby niepe\u0142nosprawne-komunikat z bada\u0144\u201d w ksi\u0105\u017cce pod redakcj\u0105 K. J. Zab\u0142ockiego i W. Brejanaka \u201eWczesna diagnoza i wspomaganie rozwoju dziecka z dysfunkcjami\u201d (2009)<\/li>\n<li>Autorka programu \u201eTrening Umiej\u0119tno\u015bci Spo\u0142ecznych\u201d, w ramach kt\u00f3rego prowadzi\u0142a zaj\u0119cia dla dzieci z problemami spo\u0142ecznymi wsp\u00f3\u0142pracuj\u0105c z gabinetami terapii<br \/>\n<h3>\u017bycie prywatne<\/h3>\n<p>\u017bona, mama dw\u00f3jki dzieci. Hobbystycznie zajmuje si\u0119 r\u0119kodzie\u0142em, prowadzi bloga <a href=\"https:\/\/wpogonizaszyciem.blogspot.com\/\">W pogoni za szyciem<\/a>. Lubi podr\u00f3\u017cowa\u0107, rodzinne wycieczki rowerowe, szy\u0107, szyde\u0142kowa\u0107, robi\u0107 na drutach.<\/li>\n<\/ul>\n","protected":false},"excerpt":{"rendered":"<p>Anna \u015aroda Psychoterapeutka indywidualna i grupowa, trenerka warsztatu i treningu umiej\u0119tno\u015bci psychospo\u0142ecznych Wykszta\u0142cenie i do\u015bwiadczenie zawodowe Certyfikowana specjalistka psychoterapii os\u00f3b z syndromem DDA\/DDD rekomendowana przez Stowarzyszenie Od-Do Absolwentka Instytutu Psychologii na Wydziale Filozofii Chrze\u015bcija\u0144skiej Uniwersytetu Kardyna\u0142a Wyszy\u0144skiego oraz Studium Podyplomowego Relacji Interpersonalnych i Profilaktyki Uzale\u017cnie\u0144 przy Uniwersytecie Kardyna\u0142a Wyszy\u0144skiego Wsp\u00f3\u0142za\u0142o\u017cycielka i wyk\u0142adowczyni w Szko\u0142y Psychoterapii&hellip; <a class=\"more-link\" href=\"https:\/\/oddo.fastsite.pl\/index.php\/2021\/07\/05\/anna-sroda\/\">Czytaj dalej <span class=\"screen-reader-text\">Anna \u015aroda<\/span><\/a><\/p>\n","protected":false},"author":1,"featured_media":0,"comment_status":"open","ping_status":"open","sticky":false,"template":"","format":"standard","meta":{"footnotes":""},"categories":[6],"tags":[],"class_list":["post-296","post","type-post","status-publish","format-standard","hentry","category-pracownik","entry"],"_links":{"self":[{"href":"https:\/\/oddo.fastsite.pl\/index.php\/wp-json\/wp\/v2\/posts\/296","targetHints":{"allow":["GET"]}}],"collection":[{"href":"https:\/\/oddo.fastsite.pl\/index.php\/wp-json\/wp\/v2\/posts"}],"about":[{"href":"https:\/\/oddo.fastsite.pl\/index.php\/wp-json\/wp\/v2\/types\/post"}],"author":[{"embeddable":true,"href":"https:\/\/oddo.fastsite.pl\/index.php\/wp-json\/wp\/v2\/users\/1"}],"replies":[{"embeddable":true,"href":"https:\/\/oddo.fastsite.pl\/index.php\/wp-json\/wp\/v2\/comments?post=296"}],"version-history":[{"count":2,"href":"https:\/\/oddo.fastsite.pl\/index.php\/wp-json\/wp\/v2\/posts\/296\/revisions"}],"predecessor-version":[{"id":514,"href":"https:\/\/oddo.fastsite.pl\/index.php\/wp-json\/wp\/v2\/posts\/296\/revisions\/514"}],"wp:attachment":[{"href":"https:\/\/oddo.fastsite.pl\/index.php\/wp-json\/wp\/v2\/media?parent=296"}],"wp:term":[{"taxonomy":"category","embeddable":true,"href":"https:\/\/oddo.fastsite.pl\/index.php\/wp-json\/wp\/v2\/categories?post=296"},{"taxonomy":"post_tag","embeddable":true,"href":"https:\/\/oddo.fastsite.pl\/index.php\/wp-json\/wp\/v2\/tags?post=296"}],"curies":[{"name":"wp","href":"https:\/\/api.w.org\/{rel}","templated":true}]}}