{"id":276,"date":"2021-07-05T15:49:38","date_gmt":"2021-07-05T13:49:38","guid":{"rendered":"https:\/\/oddo.fastsite.pl\/?p=276"},"modified":"2021-09-27T14:30:57","modified_gmt":"2021-09-27T12:30:57","slug":"dorota-biskup","status":"publish","type":"post","link":"https:\/\/oddo.fastsite.pl\/index.php\/2021\/07\/05\/dorota-biskup\/","title":{"rendered":"Dorota Biskup"},"content":{"rendered":"<h1>Dorota Biskup<\/h1>\n<h2>Koordynatorka projekt\u00f3w i kierowniczka biura<\/h2>\n<h3>Wykszta\u0142cenie i do\u015bwiadczenie zawodowe:<\/h3>\n<ul>\n<li>Uko\u0144czy\u0142a kurs Edukator Profilaktyki Uzale\u017cnie\u0144 2 st. organizowany na zlecenie Mazowieckiego Centrum Polityki Spo\u0142ecznej przez Fundacj\u0119 Konstruktywnego Rozwoju<\/li>\n<li>Obecnie w trakcie Szko\u0142y Trener\u00f3w Grupy Trop<\/li>\n<li>Do\u015bwiadczenie w pracy trenerskiej zdobywa\u0142a prowadz\u0105c warsztaty aktywizacji zawodowej os\u00f3b bezrobotnych oraz warsztaty profilaktyczne dla os\u00f3b doros\u0142ych, dzieci i m\u0142odzie\u017cy<\/li>\n<li>Od 2010 roku wsp\u00f3\u0142pracuje ze Stowarzyszeniem, odpowiada za koordynacj\u0119 dzia\u0142a\u0144 w ramach projekt\u00f3w oraz wsp\u00f3\u0142prac\u0119 Stowarzyszenia z innymi instytucjami, m.in. Mazowieck\u0105 Jednostk\u0105 Wdra\u017cania Program\u00f3w Unijnych, Ministerstwem Rodziny i Polityki Spo\u0142ecznej, Urz\u0119dem m.st Warszawy i O\u015brodkiem Pomocy Spo\u0142ecznej dzielnicy Wola<br \/>\n<h3>\u017bycie prywatne<\/h3>\n<p>Mama tr\u00f3jki dzieci. Lubi gotowa\u0107 i pracowa\u0107 w ogrodzie. W\u0142a\u015bcicielka psa rasy husky.<\/li>\n<\/ul>\n","protected":false},"excerpt":{"rendered":"<p>Dorota Biskup Koordynatorka projekt\u00f3w i kierowniczka biura Wykszta\u0142cenie i do\u015bwiadczenie zawodowe: Uko\u0144czy\u0142a kurs Edukator Profilaktyki Uzale\u017cnie\u0144 2 st. organizowany na zlecenie Mazowieckiego Centrum Polityki Spo\u0142ecznej przez Fundacj\u0119 Konstruktywnego Rozwoju Obecnie w trakcie Szko\u0142y Trener\u00f3w Grupy Trop Do\u015bwiadczenie w pracy trenerskiej zdobywa\u0142a prowadz\u0105c warsztaty aktywizacji zawodowej os\u00f3b bezrobotnych oraz warsztaty profilaktyczne dla os\u00f3b doros\u0142ych, dzieci i&hellip; <a class=\"more-link\" href=\"https:\/\/oddo.fastsite.pl\/index.php\/2021\/07\/05\/dorota-biskup\/\">Czytaj dalej <span class=\"screen-reader-text\">Dorota Biskup<\/span><\/a><\/p>\n","protected":false},"author":1,"featured_media":278,"comment_status":"open","ping_status":"open","sticky":false,"template":"","format":"standard","meta":{"footnotes":""},"categories":[6],"tags":[],"class_list":["post-276","post","type-post","status-publish","format-standard","has-post-thumbnail","hentry","category-pracownik","entry"],"_links":{"self":[{"href":"https:\/\/oddo.fastsite.pl\/index.php\/wp-json\/wp\/v2\/posts\/276","targetHints":{"allow":["GET"]}}],"collection":[{"href":"https:\/\/oddo.fastsite.pl\/index.php\/wp-json\/wp\/v2\/posts"}],"about":[{"href":"https:\/\/oddo.fastsite.pl\/index.php\/wp-json\/wp\/v2\/types\/post"}],"author":[{"embeddable":true,"href":"https:\/\/oddo.fastsite.pl\/index.php\/wp-json\/wp\/v2\/users\/1"}],"replies":[{"embeddable":true,"href":"https:\/\/oddo.fastsite.pl\/index.php\/wp-json\/wp\/v2\/comments?post=276"}],"version-history":[{"count":3,"href":"https:\/\/oddo.fastsite.pl\/index.php\/wp-json\/wp\/v2\/posts\/276\/revisions"}],"predecessor-version":[{"id":520,"href":"https:\/\/oddo.fastsite.pl\/index.php\/wp-json\/wp\/v2\/posts\/276\/revisions\/520"}],"wp:featuredmedia":[{"embeddable":true,"href":"https:\/\/oddo.fastsite.pl\/index.php\/wp-json\/wp\/v2\/media\/278"}],"wp:attachment":[{"href":"https:\/\/oddo.fastsite.pl\/index.php\/wp-json\/wp\/v2\/media?parent=276"}],"wp:term":[{"taxonomy":"category","embeddable":true,"href":"https:\/\/oddo.fastsite.pl\/index.php\/wp-json\/wp\/v2\/categories?post=276"},{"taxonomy":"post_tag","embeddable":true,"href":"https:\/\/oddo.fastsite.pl\/index.php\/wp-json\/wp\/v2\/tags?post=276"}],"curies":[{"name":"wp","href":"https:\/\/api.w.org\/{rel}","templated":true}]}}