{"id":272,"date":"2021-07-05T15:44:55","date_gmt":"2021-07-05T13:44:55","guid":{"rendered":"https:\/\/oddo.fastsite.pl\/?p=272"},"modified":"2021-09-27T14:32:59","modified_gmt":"2021-09-27T12:32:59","slug":"jolanta-zwirblinska","status":"publish","type":"post","link":"https:\/\/oddo.fastsite.pl\/index.php\/2021\/07\/05\/jolanta-zwirblinska\/","title":{"rendered":"Jolanta \u017bwirbli\u0144ska"},"content":{"rendered":"<h1>Jolanta \u017bwirbli\u0144ska<\/h1>\n<h2>Wiceprezes Stowarzyszenia i koordynatorka projekt\u00f3w<\/h2>\n<h3>Wykszta\u0142cenie i do\u015bwiadczenie zawodowe<\/h3>\n<ul>\n<li>Uko\u0144czy\u0142a oligofrenopedagogik\u0119 na Wydziale Rewalidacji Akademii Pedagogiki Specjalnej<\/li>\n<li>Absolwentka studi\u00f3w podyplomowych \u201ePoznanie-Pomaganie-Skuteczno\u015b\u0107\u201d z zakresu Pedagogiki Specjalnej na Akademii Pedagogiki Specjalnej<\/li>\n<li>Uko\u0144czy\u0142a studia podyplomowe \u201eStosowana analiza zachowania w pracy z osobami z autyzmem i innymi zaburzeniami rozwoju i zachowania\u201d na SWPS Uniwersytecie Humanistycznospo\u0142ecznym<\/li>\n<li>Prowadzi terapi\u0119 indywidualn\u0105 i grupow\u0105 dla dzieci i m\u0142odzie\u017cy z autyzmem i innymi zaburzeniami rozwoju i zachowania w poradni psychologiczno &#8211; pedagogicznej w Warszawie<\/li>\n<li>Pracuje z dzie\u0107mi i m\u0142odzie\u017c\u0105 o specjalnych potrzebach edukacyjnych jako pedagog wspieraj\u0105cy i wychowawca<\/li>\n<li>Wsp\u00f3\u0142pracuje ze Stowarzyszeniem od 2008 roku, koordynuje projekty realizowane w ramach programu operacyjnego Kapita\u0142 Ludzki wsp\u00f3\u0142finansowanych ze \u015brodk\u00f3w Europejskiego Funduszu Spo\u0142ecznego (\u201eDDA w podej\u015bciu na K2\u201d, \u201eDDA bierze los we w\u0142asne r\u0119ce \u201d , \u201e W stron\u0119 profesjonalizacji pracy z MDDA\u201d, \u201e DDA czas na zmian\u0119\u201d)<br \/>\n<h3>\u017bycie prywatne<\/h3>\n<p>Mama dw\u00f3jki dzieci. Z zami\u0142owania ogrodnik i domownik, uwielbia obserwowa\u0107 zmieniaj\u0105c\u0105 si\u0119 przyrod\u0119.<\/li>\n<\/ul>\n","protected":false},"excerpt":{"rendered":"<p>Jolanta \u017bwirbli\u0144ska Wiceprezes Stowarzyszenia i koordynatorka projekt\u00f3w Wykszta\u0142cenie i do\u015bwiadczenie zawodowe Uko\u0144czy\u0142a oligofrenopedagogik\u0119 na Wydziale Rewalidacji Akademii Pedagogiki Specjalnej Absolwentka studi\u00f3w podyplomowych \u201ePoznanie-Pomaganie-Skuteczno\u015b\u0107\u201d z zakresu Pedagogiki Specjalnej na Akademii Pedagogiki Specjalnej Uko\u0144czy\u0142a studia podyplomowe \u201eStosowana analiza zachowania w pracy z osobami z autyzmem i innymi zaburzeniami rozwoju i zachowania\u201d na SWPS Uniwersytecie Humanistycznospo\u0142ecznym Prowadzi terapi\u0119&hellip; <a class=\"more-link\" href=\"https:\/\/oddo.fastsite.pl\/index.php\/2021\/07\/05\/jolanta-zwirblinska\/\">Czytaj dalej <span class=\"screen-reader-text\">Jolanta \u017bwirbli\u0144ska<\/span><\/a><\/p>\n","protected":false},"author":1,"featured_media":284,"comment_status":"open","ping_status":"open","sticky":false,"template":"","format":"standard","meta":{"footnotes":""},"categories":[6],"tags":[],"class_list":["post-272","post","type-post","status-publish","format-standard","has-post-thumbnail","hentry","category-pracownik","entry"],"_links":{"self":[{"href":"https:\/\/oddo.fastsite.pl\/index.php\/wp-json\/wp\/v2\/posts\/272","targetHints":{"allow":["GET"]}}],"collection":[{"href":"https:\/\/oddo.fastsite.pl\/index.php\/wp-json\/wp\/v2\/posts"}],"about":[{"href":"https:\/\/oddo.fastsite.pl\/index.php\/wp-json\/wp\/v2\/types\/post"}],"author":[{"embeddable":true,"href":"https:\/\/oddo.fastsite.pl\/index.php\/wp-json\/wp\/v2\/users\/1"}],"replies":[{"embeddable":true,"href":"https:\/\/oddo.fastsite.pl\/index.php\/wp-json\/wp\/v2\/comments?post=272"}],"version-history":[{"count":5,"href":"https:\/\/oddo.fastsite.pl\/index.php\/wp-json\/wp\/v2\/posts\/272\/revisions"}],"predecessor-version":[{"id":523,"href":"https:\/\/oddo.fastsite.pl\/index.php\/wp-json\/wp\/v2\/posts\/272\/revisions\/523"}],"wp:featuredmedia":[{"embeddable":true,"href":"https:\/\/oddo.fastsite.pl\/index.php\/wp-json\/wp\/v2\/media\/284"}],"wp:attachment":[{"href":"https:\/\/oddo.fastsite.pl\/index.php\/wp-json\/wp\/v2\/media?parent=272"}],"wp:term":[{"taxonomy":"category","embeddable":true,"href":"https:\/\/oddo.fastsite.pl\/index.php\/wp-json\/wp\/v2\/categories?post=272"},{"taxonomy":"post_tag","embeddable":true,"href":"https:\/\/oddo.fastsite.pl\/index.php\/wp-json\/wp\/v2\/tags?post=272"}],"curies":[{"name":"wp","href":"https:\/\/api.w.org\/{rel}","templated":true}]}}